{"id":5119,"date":"2023-01-28T15:46:50","date_gmt":"2023-01-28T14:46:50","guid":{"rendered":"https:\/\/fotodesign-stein.de\/fotodesignstein\/?p=5119"},"modified":"2023-01-28T15:47:49","modified_gmt":"2023-01-28T14:47:49","slug":"kurzfristig-zur-baustelle-mutiert","status":"publish","type":"post","link":"https:\/\/fotodesign-stein.de\/fotodesignstein\/kurzfristig-zur-baustelle-mutiert\/","title":{"rendered":"Kurzfristig zur Baustelle mutiert&#8230;"},"content":{"rendered":"\n<p>Hallo Ihr Lieben,<\/p>\n\n\n\n<p>Wundert euch nicht &#8230; oder tut es aber lasst es mich erkl\u00e4ren \ud83d\ude09<br>Die Seite wird momentan runderneuert. <br>Ein Techniksprung macht es notwendig mit zu springen.<br>Daf\u00fcr musste ich aber die alte Seite schon raus nehmen (ich bin kein Webseitenprofi; kann sein, dass es anders gegangen w\u00e4re aber ich kann es nur so). <br>In den n\u00e4chsten Tagen (ich hoffe es sind Tage) baue ich ALLES neu auf. <br>Die schicken Bilder k\u00f6nnt ihr bis dahin &#8222;nur&#8220; mit uns gemeinsam bei einem Treffen anschauen.<br>Meldet euch also dennoch gerne: info@fotodesign-stein.de<br><br>Euer <br>Mathias<\/p>\n","protected":false},"excerpt":{"rendered":"","protected":false},"author":1,"featured_media":0,"comment_status":"open","ping_status":"open","sticky":false,"template":"","format":"standard","meta":{"_jetpack_memberships_contains_paid_content":false,"footnotes":""},"categories":[1],"tags":[],"class_list":["post-5119","post","type-post","status-publish","format-standard","hentry","category-allgemein"],"jetpack_featured_media_url":"","jetpack_sharing_enabled":true,"jetpack_shortlink":"https:\/\/wp.me\/p5YlrN-1kz","_links":{"self":[{"href":"https:\/\/fotodesign-stein.de\/fotodesignstein\/wp-json\/wp\/v2\/posts\/5119","targetHints":{"allow":["GET"]}}],"collection":[{"href":"https:\/\/fotodesign-stein.de\/fotodesignstein\/wp-json\/wp\/v2\/posts"}],"about":[{"href":"https:\/\/fotodesign-stein.de\/fotodesignstein\/wp-json\/wp\/v2\/types\/post"}],"author":[{"embeddable":true,"href":"https:\/\/fotodesign-stein.de\/fotodesignstein\/wp-json\/wp\/v2\/users\/1"}],"replies":[{"embeddable":true,"href":"https:\/\/fotodesign-stein.de\/fotodesignstein\/wp-json\/wp\/v2\/comments?post=5119"}],"version-history":[{"count":1,"href":"https:\/\/fotodesign-stein.de\/fotodesignstein\/wp-json\/wp\/v2\/posts\/5119\/revisions"}],"predecessor-version":[{"id":5955,"href":"https:\/\/fotodesign-stein.de\/fotodesignstein\/wp-json\/wp\/v2\/posts\/5119\/revisions\/5955"}],"wp:attachment":[{"href":"https:\/\/fotodesign-stein.de\/fotodesignstein\/wp-json\/wp\/v2\/media?parent=5119"}],"wp:term":[{"taxonomy":"category","embeddable":true,"href":"https:\/\/fotodesign-stein.de\/fotodesignstein\/wp-json\/wp\/v2\/categories?post=5119"},{"taxonomy":"post_tag","embeddable":true,"href":"https:\/\/fotodesign-stein.de\/fotodesignstein\/wp-json\/wp\/v2\/tags?post=5119"}],"curies":[{"name":"wp","href":"https:\/\/api.w.org\/{rel}","templated":true}]}}