{"id":3946,"date":"2019-01-11T15:30:52","date_gmt":"2019-01-11T14:30:52","guid":{"rendered":"http:\/\/fotodesign-stein.de\/fotodesignstein\/?p=3946"},"modified":"2023-01-28T15:13:59","modified_gmt":"2023-01-28T14:13:59","slug":"abheben-glueck-hochzeitsfotograf-detmold-und-lippe","status":"publish","type":"post","link":"https:\/\/fotodesign-stein.de\/fotodesignstein\/abheben-glueck-hochzeitsfotograf-detmold-und-lippe\/","title":{"rendered":"Abheben vor Gl\u00fcck &#8211; Hochzeitsfotograf in Detmold und Lippe"},"content":{"rendered":"<div class=\"wp-block-image\">\n<figure class=\"aligncenter\"><img data-recalc-dims=\"1\" loading=\"lazy\" decoding=\"async\" width=\"1024\" height=\"683\" data-attachment-id=\"3668\" data-permalink=\"https:\/\/fotodesign-stein.de\/fotodesignstein\/bow_342_20161015_tabea_olli_jpeg_mg_2772_bw_slide_b_o_w\/\" data-orig-file=\"https:\/\/i0.wp.com\/fotodesign-stein.de\/fotodesignstein\/wp-content\/uploads\/2018\/12\/BoW_342_20161015_Tabea_Olli_Jpeg_MG_2772_BW_Slide_B_O_W.jpg?fit=1920%2C1280&amp;ssl=1\" data-orig-size=\"1920,1280\" data-comments-opened=\"1\" data-image-meta=\"{&quot;aperture&quot;:&quot;0&quot;,&quot;credit&quot;:&quot;Photographer: Mathias Stein&quot;,&quot;camera&quot;:&quot;&quot;,&quot;caption&quot;:&quot;&quot;,&quot;created_timestamp&quot;:&quot;0&quot;,&quot;copyright&quot;:&quot;Copyright: Mathias Stein, Detmold&quot;,&quot;focal_length&quot;:&quot;0&quot;,&quot;iso&quot;:&quot;0&quot;,&quot;shutter_speed&quot;:&quot;0&quot;,&quot;title&quot;:&quot;&quot;,&quot;orientation&quot;:&quot;0&quot;}\" data-image-title=\"BoW_342_20161015_Tabea_Olli_Jpeg_MG_2772_BW_Slide_B_O_W\" data-image-description=\"\" data-image-caption=\"\" data-medium-file=\"https:\/\/i0.wp.com\/fotodesign-stein.de\/fotodesignstein\/wp-content\/uploads\/2018\/12\/BoW_342_20161015_Tabea_Olli_Jpeg_MG_2772_BW_Slide_B_O_W.jpg?fit=300%2C200&amp;ssl=1\" data-large-file=\"https:\/\/i0.wp.com\/fotodesign-stein.de\/fotodesignstein\/wp-content\/uploads\/2018\/12\/BoW_342_20161015_Tabea_Olli_Jpeg_MG_2772_BW_Slide_B_O_W.jpg?fit=1024%2C683&amp;ssl=1\" src=\"https:\/\/i0.wp.com\/fotodesign-stein.de\/fotodesignstein\/wp-content\/uploads\/2018\/12\/BoW_342_20161015_Tabea_Olli_Jpeg_MG_2772_BW_Slide_B_O_W.jpg?resize=1024%2C683&#038;ssl=1\" alt=\"\" class=\"wp-image-3668\"\/><\/figure><\/div>\n\n\n<p class=\"has-text-align-center\">Die \u00fcberw\u00e4ltigenden Gef\u00fchle, die ihr an diesem Tag habt m\u00fcssen einfach raus! Lebt und feiert und h\u00fcpft und tanzt einfach gemeinsam durch den Tag und euer Leben, dann wird alles gut \ud83d\ude09<\/p>\n","protected":false},"excerpt":{"rendered":"","protected":false},"author":2,"featured_media":3668,"comment_status":"closed","ping_status":"open","sticky":false,"template":"","format":"standard","meta":{"_jetpack_memberships_contains_paid_content":false,"footnotes":""},"categories":[16],"tags":[76,37,72,94,55,58,96,98,69,95,97],"class_list":["post-3946","post","type-post","status-publish","format-standard","has-post-thumbnail","hentry","category-hochzeit","tag-bielefeld","tag-detmold","tag-fotos","tag-glueck","tag-hochzeitsfotograf","tag-hochzeitsfotos","tag-leben","tag-lippe","tag-paderborn","tag-spass","tag-tanzen"],"jetpack_featured_media_url":"https:\/\/i0.wp.com\/fotodesign-stein.de\/fotodesignstein\/wp-content\/uploads\/2018\/12\/BoW_342_20161015_Tabea_Olli_Jpeg_MG_2772_BW_Slide_B_O_W.jpg?fit=1920%2C1280&ssl=1","jetpack_sharing_enabled":true,"jetpack_shortlink":"https:\/\/wp.me\/p5YlrN-11E","_links":{"self":[{"href":"https:\/\/fotodesign-stein.de\/fotodesignstein\/wp-json\/wp\/v2\/posts\/3946","targetHints":{"allow":["GET"]}}],"collection":[{"href":"https:\/\/fotodesign-stein.de\/fotodesignstein\/wp-json\/wp\/v2\/posts"}],"about":[{"href":"https:\/\/fotodesign-stein.de\/fotodesignstein\/wp-json\/wp\/v2\/types\/post"}],"author":[{"embeddable":true,"href":"https:\/\/fotodesign-stein.de\/fotodesignstein\/wp-json\/wp\/v2\/users\/2"}],"replies":[{"embeddable":true,"href":"https:\/\/fotodesign-stein.de\/fotodesignstein\/wp-json\/wp\/v2\/comments?post=3946"}],"version-history":[{"count":5,"href":"https:\/\/fotodesign-stein.de\/fotodesignstein\/wp-json\/wp\/v2\/posts\/3946\/revisions"}],"predecessor-version":[{"id":5096,"href":"https:\/\/fotodesign-stein.de\/fotodesignstein\/wp-json\/wp\/v2\/posts\/3946\/revisions\/5096"}],"wp:featuredmedia":[{"embeddable":true,"href":"https:\/\/fotodesign-stein.de\/fotodesignstein\/wp-json\/wp\/v2\/media\/3668"}],"wp:attachment":[{"href":"https:\/\/fotodesign-stein.de\/fotodesignstein\/wp-json\/wp\/v2\/media?parent=3946"}],"wp:term":[{"taxonomy":"category","embeddable":true,"href":"https:\/\/fotodesign-stein.de\/fotodesignstein\/wp-json\/wp\/v2\/categories?post=3946"},{"taxonomy":"post_tag","embeddable":true,"href":"https:\/\/fotodesign-stein.de\/fotodesignstein\/wp-json\/wp\/v2\/tags?post=3946"}],"curies":[{"name":"wp","href":"https:\/\/api.w.org\/{rel}","templated":true}]}}