{"id":3887,"date":"2019-01-03T15:44:09","date_gmt":"2019-01-03T14:44:09","guid":{"rendered":"http:\/\/fotodesign-stein.de\/fotodesignstein\/?p=3887"},"modified":"2019-01-03T15:43:56","modified_gmt":"2019-01-03T14:43:56","slug":"3887-2","status":"publish","type":"post","link":"https:\/\/fotodesign-stein.de\/fotodesignstein\/3887-2\/","title":{"rendered":"Ruhe finden &#8211; keinen Hochzeitsstress an eurem Tag"},"content":{"rendered":"\n<div class=\"wp-block-image\"><figure class=\"aligncenter\"><img data-recalc-dims=\"1\" loading=\"lazy\" decoding=\"async\" width=\"1024\" height=\"683\" data-attachment-id=\"3776\" data-permalink=\"https:\/\/fotodesign-stein.de\/fotodesignstein\/bow_20130810_gudrun_christian__mg_5489_b_o_w\/\" data-orig-file=\"https:\/\/i0.wp.com\/fotodesign-stein.de\/fotodesignstein\/wp-content\/uploads\/2018\/12\/BoW_20130810_Gudrun_Christian__MG_5489_B_O_W-e1546523823898.jpg?fit=1078%2C718&amp;ssl=1\" data-orig-size=\"1078,718\" data-comments-opened=\"1\" data-image-meta=\"{&quot;aperture&quot;:&quot;0&quot;,&quot;credit&quot;:&quot;Photographer: Mathias Stein&quot;,&quot;camera&quot;:&quot;&quot;,&quot;caption&quot;:&quot;&quot;,&quot;created_timestamp&quot;:&quot;0&quot;,&quot;copyright&quot;:&quot;Copyright: All Rights Reserved.&quot;,&quot;focal_length&quot;:&quot;0&quot;,&quot;iso&quot;:&quot;0&quot;,&quot;shutter_speed&quot;:&quot;0&quot;,&quot;title&quot;:&quot;&quot;,&quot;orientation&quot;:&quot;0&quot;}\" data-image-title=\"BoW_20130810_Gudrun_Christian__MG_5489_B_O_W\" data-image-description=\"\" data-image-caption=\"\" data-medium-file=\"https:\/\/i0.wp.com\/fotodesign-stein.de\/fotodesignstein\/wp-content\/uploads\/2018\/12\/BoW_20130810_Gudrun_Christian__MG_5489_B_O_W-e1546523823898.jpg?fit=300%2C200&amp;ssl=1\" data-large-file=\"https:\/\/i0.wp.com\/fotodesign-stein.de\/fotodesignstein\/wp-content\/uploads\/2018\/12\/BoW_20130810_Gudrun_Christian__MG_5489_B_O_W-e1546523823898.jpg?fit=1024%2C683&amp;ssl=1\" src=\"https:\/\/i0.wp.com\/fotodesign-stein.de\/fotodesignstein\/wp-content\/uploads\/2018\/12\/BoW_20130810_Gudrun_Christian__MG_5489_B_O_W.jpg?resize=1024%2C683&#038;ssl=1\" alt=\"\" class=\"wp-image-3776\"\/><\/figure><\/div>\n\n\n\n<p style=\"text-align:center\">Seht zu, dass ihr die kleinen Momente am Tage eurer Hochzeit nutzt um auch mal nur f\u00fcr euch zu sein. Der Tag ist f\u00fcr euch zwei gedacht. Also zieht euch auch mal zur\u00fcck &#8211; das kann auch mit mir sein, dann gibt es immer wieder wunderbare Momentaufnahmen.<\/p>\n","protected":false},"excerpt":{"rendered":"","protected":false},"author":2,"featured_media":3776,"comment_status":"closed","ping_status":"open","sticky":false,"template":"","format":"standard","meta":{"_jetpack_memberships_contains_paid_content":false,"footnotes":""},"categories":[1],"tags":[76,37,84,85,55,58,69,83,86],"class_list":["post-3887","post","type-post","status-publish","format-standard","has-post-thumbnail","hentry","category-allgemein","tag-bielefeld","tag-detmold","tag-entspannung","tag-gemeinsamkeit","tag-hochzeitsfotograf","tag-hochzeitsfotos","tag-paderborn","tag-ruhe","tag-zweisamkeit"],"jetpack_featured_media_url":"https:\/\/i0.wp.com\/fotodesign-stein.de\/fotodesignstein\/wp-content\/uploads\/2018\/12\/BoW_20130810_Gudrun_Christian__MG_5489_B_O_W-e1546523823898.jpg?fit=1078%2C718&ssl=1","jetpack_sharing_enabled":true,"jetpack_shortlink":"https:\/\/wp.me\/p5YlrN-10H","_links":{"self":[{"href":"https:\/\/fotodesign-stein.de\/fotodesignstein\/wp-json\/wp\/v2\/posts\/3887","targetHints":{"allow":["GET"]}}],"collection":[{"href":"https:\/\/fotodesign-stein.de\/fotodesignstein\/wp-json\/wp\/v2\/posts"}],"about":[{"href":"https:\/\/fotodesign-stein.de\/fotodesignstein\/wp-json\/wp\/v2\/types\/post"}],"author":[{"embeddable":true,"href":"https:\/\/fotodesign-stein.de\/fotodesignstein\/wp-json\/wp\/v2\/users\/2"}],"replies":[{"embeddable":true,"href":"https:\/\/fotodesign-stein.de\/fotodesignstein\/wp-json\/wp\/v2\/comments?post=3887"}],"version-history":[{"count":13,"href":"https:\/\/fotodesign-stein.de\/fotodesignstein\/wp-json\/wp\/v2\/posts\/3887\/revisions"}],"predecessor-version":[{"id":3939,"href":"https:\/\/fotodesign-stein.de\/fotodesignstein\/wp-json\/wp\/v2\/posts\/3887\/revisions\/3939"}],"wp:featuredmedia":[{"embeddable":true,"href":"https:\/\/fotodesign-stein.de\/fotodesignstein\/wp-json\/wp\/v2\/media\/3776"}],"wp:attachment":[{"href":"https:\/\/fotodesign-stein.de\/fotodesignstein\/wp-json\/wp\/v2\/media?parent=3887"}],"wp:term":[{"taxonomy":"category","embeddable":true,"href":"https:\/\/fotodesign-stein.de\/fotodesignstein\/wp-json\/wp\/v2\/categories?post=3887"},{"taxonomy":"post_tag","embeddable":true,"href":"https:\/\/fotodesign-stein.de\/fotodesignstein\/wp-json\/wp\/v2\/tags?post=3887"}],"curies":[{"name":"wp","href":"https:\/\/api.w.org\/{rel}","templated":true}]}}