{"id":1544,"date":"2012-06-23T00:22:50","date_gmt":"2012-06-22T22:22:50","guid":{"rendered":"http:\/\/fotodesign-stein.de\/fotodesignstein\/?p=1544"},"modified":"2015-09-22T00:05:51","modified_gmt":"2015-09-21T22:05:51","slug":"hochzeit-detmold-hochzeitsfotos-fotograf-palaisgarten-bilder","status":"publish","type":"post","link":"https:\/\/fotodesign-stein.de\/fotodesignstein\/hochzeit-detmold-hochzeitsfotos-fotograf-palaisgarten-bilder\/","title":{"rendered":"Hochzeit in Detmold, Hochzeitsfotos vom Fotograf im Palaisgarten, feiern bis zum Ende \u2013 Die Bilder"},"content":{"rendered":"<p>Letztes Jahr haben wir die Hochzeit von Esther und Marco, einem befreundeten Paar, fotografisch und auch feiertechnisch begleitet ;-). Jetzt haben wir die Freigabe der Fotos erhalten.<\/p>\n<p>Es war ein lustiger und wirklich sch\u00f6ner Tag.<a href=\"https:\/\/i0.wp.com\/fotodesign-stein.de\/fotodesignstein\/wp-content\/uploads\/2015\/03\/20110917_FEL-048.jpg?ssl=1\"><img data-recalc-dims=\"1\" loading=\"lazy\" decoding=\"async\" data-attachment-id=\"311\" data-permalink=\"https:\/\/fotodesign-stein.de\/fotodesignstein\/?attachment_id=311\" data-orig-file=\"https:\/\/i0.wp.com\/fotodesign-stein.de\/fotodesignstein\/wp-content\/uploads\/2015\/03\/20110917_FEL-048.jpg?fit=1280%2C1920&amp;ssl=1\" data-orig-size=\"1280,1920\" data-comments-opened=\"1\" data-image-meta=\"{&quot;aperture&quot;:&quot;0&quot;,&quot;credit&quot;:&quot;&quot;,&quot;camera&quot;:&quot;&quot;,&quot;caption&quot;:&quot;&quot;,&quot;created_timestamp&quot;:&quot;0&quot;,&quot;copyright&quot;:&quot;Mathias Stein 2011&quot;,&quot;focal_length&quot;:&quot;0&quot;,&quot;iso&quot;:&quot;0&quot;,&quot;shutter_speed&quot;:&quot;0&quot;,&quot;title&quot;:&quot;&quot;,&quot;orientation&quot;:&quot;0&quot;}\" data-image-title=\"20110917_FEL-048\" data-image-description=\"\" data-image-caption=\"\" data-medium-file=\"https:\/\/i0.wp.com\/fotodesign-stein.de\/fotodesignstein\/wp-content\/uploads\/2015\/03\/20110917_FEL-048.jpg?fit=200%2C300&amp;ssl=1\" data-large-file=\"https:\/\/i0.wp.com\/fotodesign-stein.de\/fotodesignstein\/wp-content\/uploads\/2015\/03\/20110917_FEL-048.jpg?fit=683%2C1024&amp;ssl=1\" class=\"size-medium wp-image-311 alignright\" src=\"https:\/\/i0.wp.com\/fotodesign-stein.de\/fotodesignstein\/wp-content\/uploads\/2015\/03\/20110917_FEL-048.jpg?resize=200%2C300&#038;ssl=1\" alt=\"20110917_FEL-048\" width=\"200\" height=\"300\" \/><\/a><\/p>\n<p>Die Trauung war toll, die Fotos haben unheimlich Spa\u00df gemacht und die Party im Anschluss hat wirklich gerockt. Sp\u00e4t in der Nacht (oder eher fr\u00fch am Morgen) sind wir dann ins Bett geplumpst.<\/p>\n<p>So hier sind also endlich Bilder, die die Beiden von uns zu ihrem Tag erhalten haben.<\/p>\n<p>Der Renner aber war unsere Fotobox (neudeutsch auch Fotobooth) in der die G\u00e4ste den ganzen Abend selbst von sich Bilder gemacht haben. Von dieser neuen Aktion haben wir euch ja schon kurz erz\u00e4hlt.<\/p>\n<p>Die Bilder aus dem ersten Einsatz dazu gibt es in einem anderen Post.<\/p>\n<p>Ach ja, Ricky Ord von den <a href=\"http:\/\/www.ordbrothers.de\/\">Ord Brothers<\/a> und der <a href=\"http:\/\/www.alterkrug-diestelbruch.de\/\">Alte Krug in Diestelbruch<\/a> haben nicht wenig zur tollen Stimmung beigetragen.<\/p>\n<p><a href=\"https:\/\/fotodesign-stein.de\/fotodesignstein\/gallery\/hochzeit-detmold-hochzeitsfotos-fotograf-palaisgarten-feiern-bilder\/\">Hier klicken um direkt zur Galerie zu springen&#8230;<\/a><\/p>\n","protected":false},"excerpt":{"rendered":"","protected":false},"author":1,"featured_media":304,"comment_status":"open","ping_status":"open","sticky":false,"template":"","format":"standard","meta":{"_jetpack_memberships_contains_paid_content":false,"footnotes":""},"categories":[16],"tags":[37,36,45,55,58,57],"class_list":["post-1544","post","type-post","status-publish","format-standard","has-post-thumbnail","hentry","category-hochzeit","tag-detmold","tag-fotograf","tag-hochzeit","tag-hochzeitsfotograf","tag-hochzeitsfotos","tag-palaisgarten"],"jetpack_featured_media_url":"https:\/\/i0.wp.com\/fotodesign-stein.de\/fotodesignstein\/wp-content\/uploads\/2015\/03\/20110917_FEL-041.jpg?fit=1920%2C1280&ssl=1","jetpack_sharing_enabled":true,"jetpack_shortlink":"https:\/\/wp.me\/p5YlrN-oU","_links":{"self":[{"href":"https:\/\/fotodesign-stein.de\/fotodesignstein\/wp-json\/wp\/v2\/posts\/1544","targetHints":{"allow":["GET"]}}],"collection":[{"href":"https:\/\/fotodesign-stein.de\/fotodesignstein\/wp-json\/wp\/v2\/posts"}],"about":[{"href":"https:\/\/fotodesign-stein.de\/fotodesignstein\/wp-json\/wp\/v2\/types\/post"}],"author":[{"embeddable":true,"href":"https:\/\/fotodesign-stein.de\/fotodesignstein\/wp-json\/wp\/v2\/users\/1"}],"replies":[{"embeddable":true,"href":"https:\/\/fotodesign-stein.de\/fotodesignstein\/wp-json\/wp\/v2\/comments?post=1544"}],"version-history":[{"count":2,"href":"https:\/\/fotodesign-stein.de\/fotodesignstein\/wp-json\/wp\/v2\/posts\/1544\/revisions"}],"predecessor-version":[{"id":1546,"href":"https:\/\/fotodesign-stein.de\/fotodesignstein\/wp-json\/wp\/v2\/posts\/1544\/revisions\/1546"}],"wp:featuredmedia":[{"embeddable":true,"href":"https:\/\/fotodesign-stein.de\/fotodesignstein\/wp-json\/wp\/v2\/media\/304"}],"wp:attachment":[{"href":"https:\/\/fotodesign-stein.de\/fotodesignstein\/wp-json\/wp\/v2\/media?parent=1544"}],"wp:term":[{"taxonomy":"category","embeddable":true,"href":"https:\/\/fotodesign-stein.de\/fotodesignstein\/wp-json\/wp\/v2\/categories?post=1544"},{"taxonomy":"post_tag","embeddable":true,"href":"https:\/\/fotodesign-stein.de\/fotodesignstein\/wp-json\/wp\/v2\/tags?post=1544"}],"curies":[{"name":"wp","href":"https:\/\/api.w.org\/{rel}","templated":true}]}}