{"id":1376,"date":"2015-08-07T12:44:11","date_gmt":"2015-08-07T10:44:11","guid":{"rendered":"http:\/\/fotodesign-stein.de\/fotodesignstein\/?p=1376"},"modified":"2019-01-03T13:50:32","modified_gmt":"2019-01-03T12:50:32","slug":"hochzeitsfotograf-hochzeit-finden","status":"publish","type":"post","link":"https:\/\/fotodesign-stein.de\/fotodesignstein\/hochzeitsfotograf-hochzeit-finden\/","title":{"rendered":"Hochzeitsfotograf f\u00fcr meine Hochzeit&#8230; so finde ich den richtigen! Von uns aus Detmold f\u00fcr euch da drau\u00dfen."},"content":{"rendered":"<p>\u00dcber das Thema habe ich ja schon mal einen Blogbeitrag geschrieben und einen Link eines Fotografen Kollegen ver\u00f6ffentlicht.<br \/>\nNun habe ich bei der &#8222;Brigitte&#8220; (jawohl, richtig gelesen) einen guten Beitrag gelesen mit Tips aus dem Erfahrungsschatz einer Hochzeitsplanerin.<\/p>\n<p>Ich finde es passt fast alles in diesem Artikel.<\/p>\n<p><a href=\"http:\/\/www.brigitte.de\/liebe\/hochzeit\/hochzeitsfotograf-finden-1156262\/\" target=\"_blank\" rel=\"noopener\">http:\/\/www.brigitte.de\/liebe\/hochzeit\/hochzeitsfotograf-finden-1156262\/<\/a><\/p>\n<p>Wenn ihr hinterher meint, mit Mathias und Alex versuchen wir es mal, dann meldet euch einfach und besucht uns zum &#8222;Like&#8220; klicken auf Facebook:<\/p>\n<p><a href=\"http:\/\/www.facebook.de\/FotodesignStein\" target=\"_blank\" rel=\"noopener\">www.facebook.de\/FotodesignStein<\/a><\/p>\n<p>Wir freuen uns auf euch!<\/p>\n<p><img data-recalc-dims=\"1\" loading=\"lazy\" decoding=\"async\" data-attachment-id=\"3587\" data-permalink=\"https:\/\/fotodesign-stein.de\/fotodesignstein\/hochzeitsfotograf-hochzeit-finden\/bow_150_pics_3_vorne_10x15_verschnittrand\/\" data-orig-file=\"https:\/\/i0.wp.com\/fotodesign-stein.de\/fotodesignstein\/wp-content\/uploads\/2018\/12\/BoW_150_pics_3_Vorne_10x15_Verschnittrand.jpg?fit=1920%2C1370&amp;ssl=1\" data-orig-size=\"1920,1370\" data-comments-opened=\"1\" data-image-meta=\"{&quot;aperture&quot;:&quot;0&quot;,&quot;credit&quot;:&quot;&quot;,&quot;camera&quot;:&quot;&quot;,&quot;caption&quot;:&quot;&quot;,&quot;created_timestamp&quot;:&quot;0&quot;,&quot;copyright&quot;:&quot;&quot;,&quot;focal_length&quot;:&quot;0&quot;,&quot;iso&quot;:&quot;0&quot;,&quot;shutter_speed&quot;:&quot;0&quot;,&quot;title&quot;:&quot;&quot;,&quot;orientation&quot;:&quot;0&quot;}\" data-image-title=\"BoW_150_pics_3_Vorne_10x15_Verschnittrand\" data-image-description=\"\" data-image-caption=\"\" data-medium-file=\"https:\/\/i0.wp.com\/fotodesign-stein.de\/fotodesignstein\/wp-content\/uploads\/2018\/12\/BoW_150_pics_3_Vorne_10x15_Verschnittrand.jpg?fit=300%2C214&amp;ssl=1\" data-large-file=\"https:\/\/i0.wp.com\/fotodesign-stein.de\/fotodesignstein\/wp-content\/uploads\/2018\/12\/BoW_150_pics_3_Vorne_10x15_Verschnittrand.jpg?fit=1024%2C731&amp;ssl=1\" class=\"alignnone size-large wp-image-3587\" src=\"https:\/\/i0.wp.com\/fotodesign-stein.de\/fotodesignstein\/wp-content\/uploads\/2018\/12\/BoW_150_pics_3_Vorne_10x15_Verschnittrand.jpg?resize=1024%2C731&#038;ssl=1\" alt=\"\" width=\"1024\" height=\"731\" \/><\/p>\n","protected":false},"excerpt":{"rendered":"","protected":false},"author":1,"featured_media":0,"comment_status":"closed","ping_status":"open","sticky":false,"template":"","format":"standard","meta":{"_jetpack_memberships_contains_paid_content":false,"footnotes":""},"categories":[18,16,19],"tags":[37,36,45,55,38,39,43],"class_list":["post-1376","post","type-post","status-publish","format-standard","hentry","category-fotografie","category-hochzeit","category-info","tag-detmold","tag-fotograf","tag-hochzeit","tag-hochzeitsfotograf","tag-info","tag-profi","tag-tip"],"jetpack_featured_media_url":"","jetpack_sharing_enabled":true,"jetpack_shortlink":"https:\/\/wp.me\/p5YlrN-mc","_links":{"self":[{"href":"https:\/\/fotodesign-stein.de\/fotodesignstein\/wp-json\/wp\/v2\/posts\/1376","targetHints":{"allow":["GET"]}}],"collection":[{"href":"https:\/\/fotodesign-stein.de\/fotodesignstein\/wp-json\/wp\/v2\/posts"}],"about":[{"href":"https:\/\/fotodesign-stein.de\/fotodesignstein\/wp-json\/wp\/v2\/types\/post"}],"author":[{"embeddable":true,"href":"https:\/\/fotodesign-stein.de\/fotodesignstein\/wp-json\/wp\/v2\/users\/1"}],"replies":[{"embeddable":true,"href":"https:\/\/fotodesign-stein.de\/fotodesignstein\/wp-json\/wp\/v2\/comments?post=1376"}],"version-history":[{"count":2,"href":"https:\/\/fotodesign-stein.de\/fotodesignstein\/wp-json\/wp\/v2\/posts\/1376\/revisions"}],"predecessor-version":[{"id":3930,"href":"https:\/\/fotodesign-stein.de\/fotodesignstein\/wp-json\/wp\/v2\/posts\/1376\/revisions\/3930"}],"wp:attachment":[{"href":"https:\/\/fotodesign-stein.de\/fotodesignstein\/wp-json\/wp\/v2\/media?parent=1376"}],"wp:term":[{"taxonomy":"category","embeddable":true,"href":"https:\/\/fotodesign-stein.de\/fotodesignstein\/wp-json\/wp\/v2\/categories?post=1376"},{"taxonomy":"post_tag","embeddable":true,"href":"https:\/\/fotodesign-stein.de\/fotodesignstein\/wp-json\/wp\/v2\/tags?post=1376"}],"curies":[{"name":"wp","href":"https:\/\/api.w.org\/{rel}","templated":true}]}}