{"id":134,"date":"2014-09-22T19:57:03","date_gmt":"2014-09-22T17:57:03","guid":{"rendered":"http:\/\/fotodesign-stein.de\/fotodesignstein\/?p=134"},"modified":"2019-01-03T13:59:58","modified_gmt":"2019-01-03T12:59:58","slug":"hochzeit-bad-oyenhausen-fotograf-aus-detmold-unterwegs-in-owl","status":"publish","type":"post","link":"https:\/\/fotodesign-stein.de\/fotodesignstein\/hochzeit-bad-oyenhausen-fotograf-aus-detmold-unterwegs-in-owl\/","title":{"rendered":"Hochzeit \u2013 Bad Oyenhausen \u2013 Fotograf aus Detmold unterwegs in OWL"},"content":{"rendered":"<p>Danke an Svenja, Alessandro und Anik\u00f3 (<a href=\"https:\/\/www.facebook.com\/AnikoHochzeiten\/\" target=\"_blank\" rel=\"noopener\">Aniko Hochzeiten Dresden \u2013 Weddings &amp; Events<\/a>). Es war aber auch ein wundersch\u00f6ner Tag!<br \/>Auch hier demn\u00e4chst mehr!<\/p>\n<p>Anik\u00f3 von der Agentur Traumhochzeit schrieb heute:<\/p>\n<p>\u201cKleine Preview zu den Hochzeitsbildern von Svenja &amp; Alessandro, die Ende September Ihre deutsch-italienische Traumhochzeit mit uns gefeiert haben. Ein ganz besonderer Dank geht an <a href=\"https:\/\/www.facebook.com\/FotodesignStein?ref=stream\">Fotodesign Stein<\/a> \u2013 die Bilder sind wundersch\u00f6n geworden. Was f\u00fcr eine Ausstrahlung!!! In K\u00fcrze hier mehr \u2026 \u201c<\/p>\n<p><img data-recalc-dims=\"1\" loading=\"lazy\" decoding=\"async\" data-attachment-id=\"3691\" data-permalink=\"https:\/\/fotodesign-stein.de\/fotodesignstein\/hochzeit-bad-oyenhausen-fotograf-aus-detmold-unterwegs-in-owl\/bow_412_20140920_svenja_alessandro__mg_1315_softc_slide_b_o_w\/\" data-orig-file=\"https:\/\/i0.wp.com\/fotodesign-stein.de\/fotodesignstein\/wp-content\/uploads\/2018\/12\/BoW_412_20140920_Svenja_Alessandro__MG_1315_softc_slide_B_O_W.jpg?fit=1920%2C1280&amp;ssl=1\" data-orig-size=\"1920,1280\" data-comments-opened=\"1\" data-image-meta=\"{&quot;aperture&quot;:&quot;0&quot;,&quot;credit&quot;:&quot;&quot;,&quot;camera&quot;:&quot;&quot;,&quot;caption&quot;:&quot;&quot;,&quot;created_timestamp&quot;:&quot;0&quot;,&quot;copyright&quot;:&quot;Copyright: Mathias Stein, Detmold&quot;,&quot;focal_length&quot;:&quot;0&quot;,&quot;iso&quot;:&quot;0&quot;,&quot;shutter_speed&quot;:&quot;0&quot;,&quot;title&quot;:&quot;&quot;,&quot;orientation&quot;:&quot;0&quot;}\" data-image-title=\"BoW_412_20140920_Svenja_Alessandro__MG_1315_softc_slide_B_O_W\" data-image-description=\"\" data-image-caption=\"\" data-medium-file=\"https:\/\/i0.wp.com\/fotodesign-stein.de\/fotodesignstein\/wp-content\/uploads\/2018\/12\/BoW_412_20140920_Svenja_Alessandro__MG_1315_softc_slide_B_O_W.jpg?fit=300%2C200&amp;ssl=1\" data-large-file=\"https:\/\/i0.wp.com\/fotodesign-stein.de\/fotodesignstein\/wp-content\/uploads\/2018\/12\/BoW_412_20140920_Svenja_Alessandro__MG_1315_softc_slide_B_O_W.jpg?fit=1024%2C683&amp;ssl=1\" class=\"size-large wp-image-3691 aligncenter\" src=\"https:\/\/i0.wp.com\/fotodesign-stein.de\/fotodesignstein\/wp-content\/uploads\/2018\/12\/BoW_412_20140920_Svenja_Alessandro__MG_1315_softc_slide_B_O_W.jpg?resize=1024%2C683&#038;ssl=1\" alt=\"\" width=\"1024\" height=\"683\" \/><\/p>\n<p>\u00a0<\/p>\n<p>\u00a0<\/p>\n\n\n<p><\/p>\n","protected":false},"excerpt":{"rendered":"","protected":false},"author":2,"featured_media":3691,"comment_status":"closed","ping_status":"open","sticky":false,"template":"","format":"standard","meta":{"_jetpack_memberships_contains_paid_content":false,"footnotes":""},"categories":[16],"tags":[66,65,37,36,45,55,67],"class_list":["post-134","post","type-post","status-publish","format-standard","has-post-thumbnail","hentry","category-hochzeit","tag-agentur","tag-bad-oyenhausen","tag-detmold","tag-fotograf","tag-hochzeit","tag-hochzeitsfotograf","tag-traumhochzeit"],"jetpack_featured_media_url":"https:\/\/i0.wp.com\/fotodesign-stein.de\/fotodesignstein\/wp-content\/uploads\/2018\/12\/BoW_412_20140920_Svenja_Alessandro__MG_1315_softc_slide_B_O_W.jpg?fit=1920%2C1280&ssl=1","jetpack_sharing_enabled":true,"jetpack_shortlink":"https:\/\/wp.me\/p5YlrN-2a","_links":{"self":[{"href":"https:\/\/fotodesign-stein.de\/fotodesignstein\/wp-json\/wp\/v2\/posts\/134","targetHints":{"allow":["GET"]}}],"collection":[{"href":"https:\/\/fotodesign-stein.de\/fotodesignstein\/wp-json\/wp\/v2\/posts"}],"about":[{"href":"https:\/\/fotodesign-stein.de\/fotodesignstein\/wp-json\/wp\/v2\/types\/post"}],"author":[{"embeddable":true,"href":"https:\/\/fotodesign-stein.de\/fotodesignstein\/wp-json\/wp\/v2\/users\/2"}],"replies":[{"embeddable":true,"href":"https:\/\/fotodesign-stein.de\/fotodesignstein\/wp-json\/wp\/v2\/comments?post=134"}],"version-history":[{"count":2,"href":"https:\/\/fotodesign-stein.de\/fotodesignstein\/wp-json\/wp\/v2\/posts\/134\/revisions"}],"predecessor-version":[{"id":3933,"href":"https:\/\/fotodesign-stein.de\/fotodesignstein\/wp-json\/wp\/v2\/posts\/134\/revisions\/3933"}],"wp:featuredmedia":[{"embeddable":true,"href":"https:\/\/fotodesign-stein.de\/fotodesignstein\/wp-json\/wp\/v2\/media\/3691"}],"wp:attachment":[{"href":"https:\/\/fotodesign-stein.de\/fotodesignstein\/wp-json\/wp\/v2\/media?parent=134"}],"wp:term":[{"taxonomy":"category","embeddable":true,"href":"https:\/\/fotodesign-stein.de\/fotodesignstein\/wp-json\/wp\/v2\/categories?post=134"},{"taxonomy":"post_tag","embeddable":true,"href":"https:\/\/fotodesign-stein.de\/fotodesignstein\/wp-json\/wp\/v2\/tags?post=134"}],"curies":[{"name":"wp","href":"https:\/\/api.w.org\/{rel}","templated":true}]}}